{"id":2971,"date":"2025-10-24T16:06:47","date_gmt":"2025-10-24T16:06:47","guid":{"rendered":"https:\/\/covhuesca.org\/?p=2971"},"modified":"2025-10-24T16:12:49","modified_gmt":"2025-10-24T16:12:49","slug":"la-guardia-civil-reconoce-a-los-veterinarios-de-huesca-en-los-actos-del-dia-de-su-patrona-la-virgen-del-pilar","status":"publish","type":"post","link":"https:\/\/covhuesca.org\/index.php\/2025\/10\/24\/la-guardia-civil-reconoce-a-los-veterinarios-de-huesca-en-los-actos-del-dia-de-su-patrona-la-virgen-del-pilar\/","title":{"rendered":"La Guardia Civil reconoce a los veterinarios de Huesca en los actos del d\u00eda de su patrona, la Virgen del Pilar"},"content":{"rendered":"\t\t<div data-elementor-type=\"wp-post\" data-elementor-id=\"2971\" class=\"elementor elementor-2971\" data-elementor-post-type=\"post\">\n\t\t\t\t<div class=\"elementor-element elementor-element-ebb0993 e-flex e-con-boxed e-con e-parent\" data-id=\"ebb0993\" data-element_type=\"container\" data-settings=\"{&quot;background_background&quot;:&quot;classic&quot;}\">\n\t\t\t\t\t<div class=\"e-con-inner\">\n\t\t\t\t<div class=\"elementor-element elementor-element-0f17166 elementor-align-left elementor-widget elementor-widget-breadcrumbs\" data-id=\"0f17166\" data-element_type=\"widget\" data-widget_type=\"breadcrumbs.default\">\n\t\t\t\t<div class=\"elementor-widget-container\">\n\t\t\t<link rel=\"stylesheet\" href=\"https:\/\/covhuesca.org\/wp-content\/plugins\/elementor-pro\/assets\/css\/widget-theme-elements.min.css\"><p id=\"breadcrumbs\"><span><span><a href=\"https:\/\/covhuesca.org\/\">Portada<\/a><\/span><\/span><\/p>\t\t<\/div>\n\t\t\t\t<\/div>\n\t\t\t\t<div class=\"elementor-element elementor-element-22eeafad elementor-widget elementor-widget-theme-post-title elementor-page-title elementor-widget-heading\" data-id=\"22eeafad\" data-element_type=\"widget\" data-widget_type=\"theme-post-title.default\">\n\t\t\t\t<div class=\"elementor-widget-container\">\n\t\t\t<style>\/*! elementor - v3.22.0 - 26-06-2024 *\/\n.elementor-heading-title{padding:0;margin:0;line-height:1}.elementor-widget-heading .elementor-heading-title[class*=elementor-size-]>a{color:inherit;font-size:inherit;line-height:inherit}.elementor-widget-heading .elementor-heading-title.elementor-size-small{font-size:15px}.elementor-widget-heading .elementor-heading-title.elementor-size-medium{font-size:19px}.elementor-widget-heading .elementor-heading-title.elementor-size-large{font-size:29px}.elementor-widget-heading .elementor-heading-title.elementor-size-xl{font-size:39px}.elementor-widget-heading .elementor-heading-title.elementor-size-xxl{font-size:59px}<\/style><h1 class=\"elementor-heading-title elementor-size-default\">La Guardia Civil reconoce a los veterinarios de Huesca en los actos del d\u00eda de su patrona, la Virgen del Pilar<\/h1>\t\t<\/div>\n\t\t\t\t<\/div>\n\t\t\t\t\t<\/div>\n\t\t\t\t<\/div>\n\t\t<div class=\"elementor-element elementor-element-31d88074 e-flex e-con-boxed e-con e-parent\" data-id=\"31d88074\" data-element_type=\"container\">\n\t\t\t\t\t<div class=\"e-con-inner\">\n\t\t<div class=\"elementor-element elementor-element-c92f522 e-con-full e-flex e-con e-child\" data-id=\"c92f522\" data-element_type=\"container\">\n\t\t\t\t<div class=\"elementor-element elementor-element-6a59fe29 elementor-align-left elementor-widget elementor-widget-post-info\" data-id=\"6a59fe29\" data-element_type=\"widget\" data-widget_type=\"post-info.default\">\n\t\t\t\t<div class=\"elementor-widget-container\">\n\t\t\t<link rel=\"stylesheet\" href=\"https:\/\/covhuesca.org\/wp-content\/plugins\/elementor\/assets\/css\/widget-icon-list.min.css\">\t\t<ul class=\"elementor-inline-items elementor-icon-list-items elementor-post-info\">\n\t\t\t\t\t\t\t\t<li class=\"elementor-icon-list-item elementor-repeater-item-fde9fb9 elementor-inline-item\" itemprop=\"datePublished\">\n\t\t\t\t\t\t<a href=\"https:\/\/covhuesca.org\/index.php\/2025\/10\/24\/\">\n\t\t\t\t\t\t\t\t\t\t\t\t\t\t<span class=\"elementor-icon-list-text elementor-post-info__item elementor-post-info__item--type-date\">\n\t\t\t\t\t\t\t\t\t\t<time>octubre 24, 2025<\/time>\t\t\t\t\t<\/span>\n\t\t\t\t\t\t\t\t\t<\/a>\n\t\t\t\t<\/li>\n\t\t\t\t<li class=\"elementor-icon-list-item elementor-repeater-item-f7bd4a7 elementor-inline-item\" itemprop=\"author\">\n\t\t\t\t\t\t<a href=\"https:\/\/covhuesca.org\/index.php\/author\/tono2024\/\">\n\t\t\t\t\t\t\t\t\t\t\t\t\t\t<span class=\"elementor-icon-list-text elementor-post-info__item elementor-post-info__item--type-author\">\n\t\t\t\t\t\t\t\t\t\tTono2024\t\t\t\t\t<\/span>\n\t\t\t\t\t\t\t\t\t<\/a>\n\t\t\t\t<\/li>\n\t\t\t\t<\/ul>\n\t\t\t\t<\/div>\n\t\t\t\t<\/div>\n\t\t\t\t<div class=\"elementor-element elementor-element-abcb98a elementor-widget elementor-widget-image\" data-id=\"abcb98a\" data-element_type=\"widget\" data-widget_type=\"image.default\">\n\t\t\t\t<div class=\"elementor-widget-container\">\n\t\t\t<style>\/*! elementor - v3.22.0 - 26-06-2024 *\/\n.elementor-widget-image{text-align:center}.elementor-widget-image a{display:inline-block}.elementor-widget-image a img[src$=\".svg\"]{width:48px}.elementor-widget-image img{vertical-align:middle;display:inline-block}<\/style>\t\t\t\t\t\t\t\t\t\t<img fetchpriority=\"high\" decoding=\"async\" width=\"769\" height=\"1024\" src=\"https:\/\/covhuesca.org\/wp-content\/uploads\/2025\/10\/GUARDIA-CIVIL-769x1024.jpg\" class=\"attachment-large size-large wp-image-2969\" alt=\"DIA DEL PILAR\" srcset=\"https:\/\/covhuesca.org\/wp-content\/uploads\/2025\/10\/GUARDIA-CIVIL-769x1024.jpg 769w, https:\/\/covhuesca.org\/wp-content\/uploads\/2025\/10\/GUARDIA-CIVIL-225x300.jpg 225w, https:\/\/covhuesca.org\/wp-content\/uploads\/2025\/10\/GUARDIA-CIVIL-768x1023.jpg 768w, https:\/\/covhuesca.org\/wp-content\/uploads\/2025\/10\/GUARDIA-CIVIL-1153x1536.jpg 1153w, https:\/\/covhuesca.org\/wp-content\/uploads\/2025\/10\/GUARDIA-CIVIL.jpg 1537w\" sizes=\"(max-width: 769px) 100vw, 769px\" \/>\t\t\t\t\t\t\t\t\t\t\t\t\t<\/div>\n\t\t\t\t<\/div>\n\t\t\t\t<div class=\"elementor-element elementor-element-56dd75ca elementor-widget elementor-widget-theme-post-excerpt\" data-id=\"56dd75ca\" data-element_type=\"widget\" data-widget_type=\"theme-post-excerpt.default\">\n\t\t\t\t<div class=\"elementor-widget-container\">\n\t\t\tLa Guardia Civil homenajea a los sanitarios el d\u00eda del Pilar\n \n\t\t<\/div>\n\t\t\t\t<\/div>\n\t\t\t\t<div class=\"elementor-element elementor-element-e083cdb elementor-widget elementor-widget-text-editor\" data-id=\"e083cdb\" data-element_type=\"widget\" data-widget_type=\"text-editor.default\">\n\t\t\t\t<div class=\"elementor-widget-container\">\n\t\t\t<style>\/*! elementor - v3.22.0 - 26-06-2024 *\/\n.elementor-widget-text-editor.elementor-drop-cap-view-stacked .elementor-drop-cap{background-color:#69727d;color:#fff}.elementor-widget-text-editor.elementor-drop-cap-view-framed .elementor-drop-cap{color:#69727d;border:3px solid;background-color:transparent}.elementor-widget-text-editor:not(.elementor-drop-cap-view-default) .elementor-drop-cap{margin-top:8px}.elementor-widget-text-editor:not(.elementor-drop-cap-view-default) .elementor-drop-cap-letter{width:1em;height:1em}.elementor-widget-text-editor .elementor-drop-cap{float:left;text-align:center;line-height:1;font-size:50px}.elementor-widget-text-editor .elementor-drop-cap-letter{display:inline-block}<\/style>\t\t\t\t<table><tbody><tr><td width=\"560\"><p>La Comandancia de la Guardia Civil de Huesca acogi\u00f3 los actos en honor de su patrona, la Virgen del Pilar, entre los que figur\u00f3 un con reconocimiento a los colegios profesionales sanitarios de esta provincia, incluido el de Veterinarios, y la entrega de las condecoraciones del M\u00e9rito Militar de la Guardia Civil por distintos servicios y por trayectorias.<br \/><br \/>El teniente coronel Jos\u00e9 Enrique Cordob\u00e9s Lucena hizo entrega de una placa conmemorativa al presidente del Colegio de Veterinarios de Huesca, Fernando Carrera Mart\u00edn, quien ha agradecido la distinci\u00f3n en nombre de la junta directiva del Colegio, \u201cque nos hace m\u00e1s ilusi\u00f3n si cabe porque ya hemos entrado en el programa conmemorativo del 125 aniversario de nuestra corporaci\u00f3n\u201d.<br \/><br \/>El reconocimiento, seg\u00fan explic\u00f3 el mando de la Benem\u00e9rita, valora la colaboraci\u00f3n del personal sanitario en la formaci\u00f3n, el asesoramiento t\u00e9cnico profesional, la operaci\u00f3n para la protecci\u00f3n de la salud p\u00fablica y el bienestar de las personas y animales, \u201celevando la calidad de la intervenci\u00f3n profesional y la adecuada prestaci\u00f3n del servicio al ciudadano\u201d. Al acto asistieron, entre otras autoridades, el subdelegado del Gobierno en Huesca, Jos\u00e9 Carlos Campo, que se ha congratulado por la celebraci\u00f3n la Comandancia de la capital y en los 41 cuarteles de la provincia.<\/p><\/td><\/tr><\/tbody><\/table>\t\t\t\t\t\t<\/div>\n\t\t\t\t<\/div>\n\t\t\t\t<\/div>\n\t\t<div class=\"elementor-element elementor-element-1373d191 e-con-full e-flex e-con e-child\" data-id=\"1373d191\" data-element_type=\"container\">\n\t\t<div class=\"elementor-element elementor-element-67fb6edd e-con-full e-flex e-con e-child\" data-id=\"67fb6edd\" data-element_type=\"container\">\n\t\t\t\t<div class=\"elementor-element elementor-element-56594aa0 elementor-widget elementor-widget-heading\" data-id=\"56594aa0\" data-element_type=\"widget\" data-widget_type=\"heading.default\">\n\t\t\t\t<div class=\"elementor-widget-container\">\n\t\t\t<h2 class=\"elementor-heading-title elementor-size-default\">Compartir:<\/h2>\t\t<\/div>\n\t\t\t\t<\/div>\n\t\t\t\t<div class=\"elementor-element elementor-element-431c31f2 elementor-icon-list--layout-inline elementor-align-right elementor-mobile-align-center elementor-list-item-link-full_width elementor-widget elementor-widget-icon-list\" data-id=\"431c31f2\" data-element_type=\"widget\" data-widget_type=\"icon-list.default\">\n\t\t\t\t<div class=\"elementor-widget-container\">\n\t\t\t\t\t<ul class=\"elementor-icon-list-items elementor-inline-items\">\n\t\t\t\t\t\t\t<li class=\"elementor-icon-list-item elementor-inline-item\">\n\t\t\t\t\t\t\t\t\t\t\t<span class=\"elementor-icon-list-icon\">\n\t\t\t\t\t\t\t<svg aria-hidden=\"true\" class=\"e-font-icon-svg e-fab-facebook-f\" viewBox=\"0 0 320 512\" xmlns=\"http:\/\/www.w3.org\/2000\/svg\"><path d=\"M279.14 288l14.22-92.66h-88.91v-60.13c0-25.35 12.42-50.06 52.24-50.06h40.42V6.26S260.43 0 225.36 0c-73.22 0-121.08 44.38-121.08 124.72v70.62H22.89V288h81.39v224h100.17V288z\"><\/path><\/svg>\t\t\t\t\t\t<\/span>\n\t\t\t\t\t\t\t\t\t\t<span class=\"elementor-icon-list-text\"><\/span>\n\t\t\t\t\t\t\t\t\t<\/li>\n\t\t\t\t\t\t\t\t<li class=\"elementor-icon-list-item elementor-inline-item\">\n\t\t\t\t\t\t\t\t\t\t\t<span class=\"elementor-icon-list-icon\">\n\t\t\t\t\t\t\t<svg aria-hidden=\"true\" class=\"e-font-icon-svg e-fab-twitter\" viewBox=\"0 0 512 512\" xmlns=\"http:\/\/www.w3.org\/2000\/svg\"><path d=\"M459.37 151.716c.325 4.548.325 9.097.325 13.645 0 138.72-105.583 298.558-298.558 298.558-59.452 0-114.68-17.219-161.137-47.106 8.447.974 16.568 1.299 25.34 1.299 49.055 0 94.213-16.568 130.274-44.832-46.132-.975-84.792-31.188-98.112-72.772 6.498.974 12.995 1.624 19.818 1.624 9.421 0 18.843-1.3 27.614-3.573-48.081-9.747-84.143-51.98-84.143-102.985v-1.299c13.969 7.797 30.214 12.67 47.431 13.319-28.264-18.843-46.781-51.005-46.781-87.391 0-19.492 5.197-37.36 14.294-52.954 51.655 63.675 129.3 105.258 216.365 109.807-1.624-7.797-2.599-15.918-2.599-24.04 0-57.828 46.782-104.934 104.934-104.934 30.213 0 57.502 12.67 76.67 33.137 23.715-4.548 46.456-13.32 66.599-25.34-7.798 24.366-24.366 44.833-46.132 57.827 21.117-2.273 41.584-8.122 60.426-16.243-14.292 20.791-32.161 39.308-52.628 54.253z\"><\/path><\/svg>\t\t\t\t\t\t<\/span>\n\t\t\t\t\t\t\t\t\t\t<span class=\"elementor-icon-list-text\"><\/span>\n\t\t\t\t\t\t\t\t\t<\/li>\n\t\t\t\t\t\t\t\t<li class=\"elementor-icon-list-item elementor-inline-item\">\n\t\t\t\t\t\t\t\t\t\t\t<span class=\"elementor-icon-list-icon\">\n\t\t\t\t\t\t\t<svg aria-hidden=\"true\" class=\"e-font-icon-svg e-fab-linkedin-in\" viewBox=\"0 0 448 512\" xmlns=\"http:\/\/www.w3.org\/2000\/svg\"><path d=\"M100.28 448H7.4V148.9h92.88zM53.79 108.1C24.09 108.1 0 83.5 0 53.8a53.79 53.79 0 0 1 107.58 0c0 29.7-24.1 54.3-53.79 54.3zM447.9 448h-92.68V302.4c0-34.7-.7-79.2-48.29-79.2-48.29 0-55.69 37.7-55.69 76.7V448h-92.78V148.9h89.08v40.8h1.3c12.4-23.5 42.69-48.3 87.88-48.3 94 0 111.28 61.9 111.28 142.3V448z\"><\/path><\/svg>\t\t\t\t\t\t<\/span>\n\t\t\t\t\t\t\t\t\t\t<span class=\"elementor-icon-list-text\"><\/span>\n\t\t\t\t\t\t\t\t\t<\/li>\n\t\t\t\t\t\t<\/ul>\n\t\t\t\t<\/div>\n\t\t\t\t<\/div>\n\t\t\t\t<\/div>\n\t\t\t\t<div class=\"elementor-element elementor-element-2c325182 elementor-widget elementor-widget-heading\" data-id=\"2c325182\" data-element_type=\"widget\" data-widget_type=\"heading.default\">\n\t\t\t\t<div class=\"elementor-widget-container\">\n\t\t\t<h2 class=\"elementor-heading-title elementor-size-default\">M\u00e1s noticias relacionadas<\/h2>\t\t<\/div>\n\t\t\t\t<\/div>\n\t\t\t\t<div class=\"elementor-element elementor-element-5dbf3edc elementor-grid-1 elementor-posts--thumbnail-left elementor-grid-tablet-2 elementor-grid-mobile-1 elementor-widget elementor-widget-posts\" data-id=\"5dbf3edc\" data-element_type=\"widget\" data-settings=\"{&quot;classic_columns&quot;:&quot;1&quot;,&quot;classic_columns_tablet&quot;:&quot;2&quot;,&quot;classic_columns_mobile&quot;:&quot;1&quot;,&quot;classic_row_gap&quot;:{&quot;unit&quot;:&quot;px&quot;,&quot;size&quot;:35,&quot;sizes&quot;:[]},&quot;classic_row_gap_tablet&quot;:{&quot;unit&quot;:&quot;px&quot;,&quot;size&quot;:&quot;&quot;,&quot;sizes&quot;:[]},&quot;classic_row_gap_mobile&quot;:{&quot;unit&quot;:&quot;px&quot;,&quot;size&quot;:&quot;&quot;,&quot;sizes&quot;:[]}}\" data-widget_type=\"posts.classic\">\n\t\t\t\t<div class=\"elementor-widget-container\">\n\t\t\t<link rel=\"stylesheet\" href=\"https:\/\/covhuesca.org\/wp-content\/plugins\/elementor-pro\/assets\/css\/widget-posts.min.css\">\t\t<div class=\"elementor-posts-container elementor-posts elementor-posts--skin-classic elementor-grid\">\n\t\t\t\t<article class=\"elementor-post elementor-grid-item post-3042 post type-post status-publish format-standard has-post-thumbnail hentry category-actualidad category-informacion-colegial category-uncategorized\">\n\t\t\t\t<a class=\"elementor-post__thumbnail__link\" href=\"https:\/\/covhuesca.org\/index.php\/2026\/02\/18\/presentacion-libro-la-cancion-del-agua\/\" tabindex=\"-1\" >\n\t\t\t<div class=\"elementor-post__thumbnail\"><img decoding=\"async\" width=\"289\" height=\"300\" src=\"https:\/\/covhuesca.org\/wp-content\/uploads\/2026\/02\/FOTO-289x300.jpg\" class=\"attachment-medium size-medium wp-image-3045\" alt=\"\" srcset=\"https:\/\/covhuesca.org\/wp-content\/uploads\/2026\/02\/FOTO-289x300.jpg 289w, https:\/\/covhuesca.org\/wp-content\/uploads\/2026\/02\/FOTO-987x1024.jpg 987w, https:\/\/covhuesca.org\/wp-content\/uploads\/2026\/02\/FOTO-768x797.jpg 768w, https:\/\/covhuesca.org\/wp-content\/uploads\/2026\/02\/FOTO-1480x1536.jpg 1480w, https:\/\/covhuesca.org\/wp-content\/uploads\/2026\/02\/FOTO-1974x2048.jpg 1974w\" sizes=\"(max-width: 289px) 100vw, 289px\" \/><\/div>\n\t\t<\/a>\n\t\t\t\t<div class=\"elementor-post__text\">\n\t\t\t\t<h3 class=\"elementor-post__title\">\n\t\t\t<a href=\"https:\/\/covhuesca.org\/index.php\/2026\/02\/18\/presentacion-libro-la-cancion-del-agua\/\" >\n\t\t\t\tPRESENTACION LIBRO \u00abLA CANCI\u00d3N DEL AGUA\u00bb\t\t\t<\/a>\n\t\t<\/h3>\n\t\t\t\t<div class=\"elementor-post__excerpt\">\n\t\t\t<p>El veterinario Jorge Ruiz del Olmo plasma en un libro de fotograf\u00edas la importancia del agua en la naturaleza<\/p>\n\t\t<\/div>\n\t\t\t\t<\/div>\n\t\t\t\t<\/article>\n\t\t\t\t<article class=\"elementor-post elementor-grid-item post-3031 post type-post status-publish format-standard has-post-thumbnail hentry category-actualidad category-informacion-colegial category-uncategorized\">\n\t\t\t\t<a class=\"elementor-post__thumbnail__link\" href=\"https:\/\/covhuesca.org\/index.php\/2025\/11\/13\/jornada-tratamiento-del-agua-en-explotaciones-agararias-la-calidad-del-agua-de-problema-invisible-a-solucion-eficaz\/\" tabindex=\"-1\" >\n\t\t\t<div class=\"elementor-post__thumbnail\"><img decoding=\"async\" width=\"225\" height=\"300\" src=\"https:\/\/covhuesca.org\/wp-content\/uploads\/2025\/11\/tasia-225x300.jpg\" class=\"attachment-medium size-medium wp-image-3032\" alt=\"\" srcset=\"https:\/\/covhuesca.org\/wp-content\/uploads\/2025\/11\/tasia-225x300.jpg 225w, https:\/\/covhuesca.org\/wp-content\/uploads\/2025\/11\/tasia-768x1024.jpg 768w, https:\/\/covhuesca.org\/wp-content\/uploads\/2025\/11\/tasia-1152x1536.jpg 1152w, https:\/\/covhuesca.org\/wp-content\/uploads\/2025\/11\/tasia-1536x2048.jpg 1536w, https:\/\/covhuesca.org\/wp-content\/uploads\/2025\/11\/tasia-scaled.jpg 1920w\" sizes=\"(max-width: 225px) 100vw, 225px\" \/><\/div>\n\t\t<\/a>\n\t\t\t\t<div class=\"elementor-post__text\">\n\t\t\t\t<h3 class=\"elementor-post__title\">\n\t\t\t<a href=\"https:\/\/covhuesca.org\/index.php\/2025\/11\/13\/jornada-tratamiento-del-agua-en-explotaciones-agararias-la-calidad-del-agua-de-problema-invisible-a-solucion-eficaz\/\" >\n\t\t\t\tJORNADA TRATAMIENTO DEL AGUA EN EXPLOTACIONES AGARARIAS. LA CALIDAD DEL AGUA: DE PROBLEMA INVISIBLE A SOLUCI\u00d3N EFICAZ\t\t\t<\/a>\n\t\t<\/h3>\n\t\t\t\t<div class=\"elementor-post__excerpt\">\n\t\t\t<p>Jornada tratamiento agua<\/p>\n\t\t<\/div>\n\t\t\t\t<\/div>\n\t\t\t\t<\/article>\n\t\t\t\t<article class=\"elementor-post elementor-grid-item post-3025 post type-post status-publish format-standard has-post-thumbnail hentry category-actualidad category-informacion-colegial category-uncategorized\">\n\t\t\t\t<a class=\"elementor-post__thumbnail__link\" href=\"https:\/\/covhuesca.org\/index.php\/2025\/11\/13\/xv-jornadas-micologicas\/\" tabindex=\"-1\" >\n\t\t\t<div class=\"elementor-post__thumbnail\"><img loading=\"lazy\" decoding=\"async\" width=\"225\" height=\"300\" src=\"https:\/\/covhuesca.org\/wp-content\/uploads\/2025\/11\/SETAS-225x300.jpg\" class=\"attachment-medium size-medium wp-image-3026\" alt=\"\" srcset=\"https:\/\/covhuesca.org\/wp-content\/uploads\/2025\/11\/SETAS-225x300.jpg 225w, https:\/\/covhuesca.org\/wp-content\/uploads\/2025\/11\/SETAS-768x1024.jpg 768w, https:\/\/covhuesca.org\/wp-content\/uploads\/2025\/11\/SETAS-1152x1536.jpg 1152w, https:\/\/covhuesca.org\/wp-content\/uploads\/2025\/11\/SETAS.jpg 1200w\" sizes=\"(max-width: 225px) 100vw, 225px\" \/><\/div>\n\t\t<\/a>\n\t\t\t\t<div class=\"elementor-post__text\">\n\t\t\t\t<h3 class=\"elementor-post__title\">\n\t\t\t<a href=\"https:\/\/covhuesca.org\/index.php\/2025\/11\/13\/xv-jornadas-micologicas\/\" >\n\t\t\t\tXV Jornadas Micol\u00f3gicas\t\t\t<\/a>\n\t\t<\/h3>\n\t\t\t\t<div class=\"elementor-post__excerpt\">\n\t\t\t<p>Foto ejemplares recolectados<\/p>\n\t\t<\/div>\n\t\t\t\t<\/div>\n\t\t\t\t<\/article>\n\t\t\t\t<article class=\"elementor-post elementor-grid-item post-2996 post type-post status-publish format-standard has-post-thumbnail hentry category-actualidad category-informacion-colegial category-uncategorized\">\n\t\t\t\t<a class=\"elementor-post__thumbnail__link\" href=\"https:\/\/covhuesca.org\/index.php\/2025\/11\/06\/convocatoria-elecciones-colegio-veterinarios-huesca-2025\/\" tabindex=\"-1\" >\n\t\t\t<div class=\"elementor-post__thumbnail\"><img loading=\"lazy\" decoding=\"async\" width=\"300\" height=\"300\" src=\"https:\/\/covhuesca.org\/wp-content\/uploads\/2025\/11\/ELECCIONES-300x300.jpg\" class=\"attachment-medium size-medium wp-image-2997\" alt=\"\" srcset=\"https:\/\/covhuesca.org\/wp-content\/uploads\/2025\/11\/ELECCIONES-300x300.jpg 300w, https:\/\/covhuesca.org\/wp-content\/uploads\/2025\/11\/ELECCIONES-150x150.jpg 150w, https:\/\/covhuesca.org\/wp-content\/uploads\/2025\/11\/ELECCIONES.jpg 512w\" sizes=\"(max-width: 300px) 100vw, 300px\" \/><\/div>\n\t\t<\/a>\n\t\t\t\t<div class=\"elementor-post__text\">\n\t\t\t\t<h3 class=\"elementor-post__title\">\n\t\t\t<a href=\"https:\/\/covhuesca.org\/index.php\/2025\/11\/06\/convocatoria-elecciones-colegio-veterinarios-huesca-2025\/\" >\n\t\t\t\tCONVOCATORIA ELECCIONES COLEGIO VETERINARIOS HUESCA 2025\t\t\t<\/a>\n\t\t<\/h3>\n\t\t\t\t<div class=\"elementor-post__excerpt\">\n\t\t\t<p>Convocatoria Elecciones Colegio Veterinarios de Huesca<\/p>\n\t\t<\/div>\n\t\t\t\t<\/div>\n\t\t\t\t<\/article>\n\t\t\t\t<article class=\"elementor-post elementor-grid-item post-2990 post type-post status-publish format-standard has-post-thumbnail hentry category-actualidad category-informacion-colegial category-uncategorized\">\n\t\t\t\t<a class=\"elementor-post__thumbnail__link\" href=\"https:\/\/covhuesca.org\/index.php\/2025\/11\/04\/jornada-ovino-scrum\/\" tabindex=\"-1\" >\n\t\t\t<div class=\"elementor-post__thumbnail\"><img loading=\"lazy\" decoding=\"async\" width=\"300\" height=\"236\" src=\"https:\/\/covhuesca.org\/wp-content\/uploads\/2025\/11\/scrum-300x236.jpg\" class=\"attachment-medium size-medium wp-image-2991\" alt=\"\" srcset=\"https:\/\/covhuesca.org\/wp-content\/uploads\/2025\/11\/scrum-300x236.jpg 300w, https:\/\/covhuesca.org\/wp-content\/uploads\/2025\/11\/scrum-1024x804.jpg 1024w, https:\/\/covhuesca.org\/wp-content\/uploads\/2025\/11\/scrum-768x603.jpg 768w, https:\/\/covhuesca.org\/wp-content\/uploads\/2025\/11\/scrum-1536x1206.jpg 1536w, https:\/\/covhuesca.org\/wp-content\/uploads\/2025\/11\/scrum-2048x1608.jpg 2048w\" sizes=\"(max-width: 300px) 100vw, 300px\" \/><\/div>\n\t\t<\/a>\n\t\t\t\t<div class=\"elementor-post__text\">\n\t\t\t\t<h3 class=\"elementor-post__title\">\n\t\t\t<a href=\"https:\/\/covhuesca.org\/index.php\/2025\/11\/04\/jornada-ovino-scrum\/\" >\n\t\t\t\tJORNADA OVINO SCRUM\t\t\t<\/a>\n\t\t<\/h3>\n\t\t\t\t<div class=\"elementor-post__excerpt\">\n\t\t\t<p>Biescas, 17 de octubre de 2025. Alumnos SCRUM <\/p>\n\t\t<\/div>\n\t\t\t\t<\/div>\n\t\t\t\t<\/article>\n\t\t\t\t<article class=\"elementor-post elementor-grid-item post-2978 post type-post status-publish format-standard has-post-thumbnail hentry category-actualidad category-informacion-colegial category-uncategorized\">\n\t\t\t\t<a class=\"elementor-post__thumbnail__link\" href=\"https:\/\/covhuesca.org\/index.php\/2025\/10\/24\/xi-edicion-de-los-premios-de-la-alianza-agroalimentaria-aragonesa\/\" tabindex=\"-1\" >\n\t\t\t<div class=\"elementor-post__thumbnail\"><img loading=\"lazy\" decoding=\"async\" width=\"300\" height=\"242\" src=\"https:\/\/covhuesca.org\/wp-content\/uploads\/2025\/10\/35.entrega-premios-agroalimentaria25-300x242.jpg\" class=\"attachment-medium size-medium wp-image-2979\" alt=\"\" srcset=\"https:\/\/covhuesca.org\/wp-content\/uploads\/2025\/10\/35.entrega-premios-agroalimentaria25-300x242.jpg 300w, https:\/\/covhuesca.org\/wp-content\/uploads\/2025\/10\/35.entrega-premios-agroalimentaria25-1024x825.jpg 1024w, https:\/\/covhuesca.org\/wp-content\/uploads\/2025\/10\/35.entrega-premios-agroalimentaria25-768x618.jpg 768w, https:\/\/covhuesca.org\/wp-content\/uploads\/2025\/10\/35.entrega-premios-agroalimentaria25-1536x1237.jpg 1536w, https:\/\/covhuesca.org\/wp-content\/uploads\/2025\/10\/35.entrega-premios-agroalimentaria25-2048x1649.jpg 2048w\" sizes=\"(max-width: 300px) 100vw, 300px\" \/><\/div>\n\t\t<\/a>\n\t\t\t\t<div class=\"elementor-post__text\">\n\t\t\t\t<h3 class=\"elementor-post__title\">\n\t\t\t<a href=\"https:\/\/covhuesca.org\/index.php\/2025\/10\/24\/xi-edicion-de-los-premios-de-la-alianza-agroalimentaria-aragonesa\/\" >\n\t\t\t\tXI Edici\u00f3n de los Premios de la Alianza Agroalimentaria Aragonesa\t\t\t<\/a>\n\t\t<\/h3>\n\t\t\t\t<div class=\"elementor-post__excerpt\">\n\t\t\t<p>Premio a la industrializaci\u00f3n y comercializaci\u00f3n agroalimentaria:<\/p>\n\t\t<\/div>\n\t\t\t\t<\/div>\n\t\t\t\t<\/article>\n\t\t\t\t<\/div>\n\t\t\n\t\t\t\t<\/div>\n\t\t\t\t<\/div>\n\t\t<div class=\"elementor-element elementor-element-b4941d0 e-con-full e-flex e-con e-child\" data-id=\"b4941d0\" data-element_type=\"container\" data-settings=\"{&quot;background_background&quot;:&quot;classic&quot;}\">\n\t\t\t\t<div class=\"elementor-element elementor-element-a298175 elementor-widget elementor-widget-heading\" data-id=\"a298175\" data-element_type=\"widget\" data-widget_type=\"heading.default\">\n\t\t\t\t<div class=\"elementor-widget-container\">\n\t\t\t<h3 class=\"elementor-heading-title elementor-size-default\">Env\u00edanos un mensaje<\/h3>\t\t<\/div>\n\t\t\t\t<\/div>\n\t\t\t\t<div class=\"elementor-element elementor-element-5aa9a32e elementor-button-align-end elementor-widget elementor-widget-form\" data-id=\"5aa9a32e\" data-element_type=\"widget\" data-settings=\"{&quot;step_next_label&quot;:&quot;Next&quot;,&quot;step_previous_label&quot;:&quot;Previous&quot;,&quot;button_width&quot;:&quot;100&quot;,&quot;step_type&quot;:&quot;number_text&quot;,&quot;step_icon_shape&quot;:&quot;circle&quot;}\" data-widget_type=\"form.default\">\n\t\t\t\t<div class=\"elementor-widget-container\">\n\t\t\t<style>\/*! elementor-pro - v3.22.0 - 24-06-2024 *\/\n.elementor-button.elementor-hidden,.elementor-hidden{display:none}.e-form__step{width:100%}.e-form__step:not(.elementor-hidden){display:flex;flex-wrap:wrap}.e-form__buttons{flex-wrap:wrap}.e-form__buttons,.e-form__buttons__wrapper{display:flex}.e-form__indicators{display:flex;justify-content:space-between;align-items:center;flex-wrap:nowrap;font-size:13px;margin-bottom:var(--e-form-steps-indicators-spacing)}.e-form__indicators__indicator{display:flex;flex-direction:column;align-items:center;justify-content:center;flex-basis:0;padding:0 var(--e-form-steps-divider-gap)}.e-form__indicators__indicator__progress{width:100%;position:relative;background-color:var(--e-form-steps-indicator-progress-background-color);border-radius:var(--e-form-steps-indicator-progress-border-radius);overflow:hidden}.e-form__indicators__indicator__progress__meter{width:var(--e-form-steps-indicator-progress-meter-width,0);height:var(--e-form-steps-indicator-progress-height);line-height:var(--e-form-steps-indicator-progress-height);padding-right:15px;border-radius:var(--e-form-steps-indicator-progress-border-radius);background-color:var(--e-form-steps-indicator-progress-color);color:var(--e-form-steps-indicator-progress-meter-color);text-align:right;transition:width .1s linear}.e-form__indicators__indicator:first-child{padding-left:0}.e-form__indicators__indicator:last-child{padding-right:0}.e-form__indicators__indicator--state-inactive{color:var(--e-form-steps-indicator-inactive-primary-color,#c2cbd2)}.e-form__indicators__indicator--state-inactive [class*=indicator--shape-]:not(.e-form__indicators__indicator--shape-none){background-color:var(--e-form-steps-indicator-inactive-secondary-color,#fff)}.e-form__indicators__indicator--state-inactive object,.e-form__indicators__indicator--state-inactive svg{fill:var(--e-form-steps-indicator-inactive-primary-color,#c2cbd2)}.e-form__indicators__indicator--state-active{color:var(--e-form-steps-indicator-active-primary-color,#39b54a);border-color:var(--e-form-steps-indicator-active-secondary-color,#fff)}.e-form__indicators__indicator--state-active [class*=indicator--shape-]:not(.e-form__indicators__indicator--shape-none){background-color:var(--e-form-steps-indicator-active-secondary-color,#fff)}.e-form__indicators__indicator--state-active object,.e-form__indicators__indicator--state-active svg{fill:var(--e-form-steps-indicator-active-primary-color,#39b54a)}.e-form__indicators__indicator--state-completed{color:var(--e-form-steps-indicator-completed-secondary-color,#fff)}.e-form__indicators__indicator--state-completed [class*=indicator--shape-]:not(.e-form__indicators__indicator--shape-none){background-color:var(--e-form-steps-indicator-completed-primary-color,#39b54a)}.e-form__indicators__indicator--state-completed .e-form__indicators__indicator__label{color:var(--e-form-steps-indicator-completed-primary-color,#39b54a)}.e-form__indicators__indicator--state-completed .e-form__indicators__indicator--shape-none{color:var(--e-form-steps-indicator-completed-primary-color,#39b54a);background-color:initial}.e-form__indicators__indicator--state-completed object,.e-form__indicators__indicator--state-completed svg{fill:var(--e-form-steps-indicator-completed-secondary-color,#fff)}.e-form__indicators__indicator__icon{width:var(--e-form-steps-indicator-padding,30px);height:var(--e-form-steps-indicator-padding,30px);font-size:var(--e-form-steps-indicator-icon-size);border-width:1px;border-style:solid;display:flex;justify-content:center;align-items:center;overflow:hidden;margin-bottom:10px}.e-form__indicators__indicator__icon img,.e-form__indicators__indicator__icon object,.e-form__indicators__indicator__icon svg{width:var(--e-form-steps-indicator-icon-size);height:auto}.e-form__indicators__indicator__icon .e-font-icon-svg{height:1em}.e-form__indicators__indicator__number{width:var(--e-form-steps-indicator-padding,30px);height:var(--e-form-steps-indicator-padding,30px);border-width:1px;border-style:solid;display:flex;justify-content:center;align-items:center;margin-bottom:10px}.e-form__indicators__indicator--shape-circle{border-radius:50%}.e-form__indicators__indicator--shape-square{border-radius:0}.e-form__indicators__indicator--shape-rounded{border-radius:5px}.e-form__indicators__indicator--shape-none{border:0}.e-form__indicators__indicator__label{text-align:center}.e-form__indicators__indicator__separator{width:100%;height:var(--e-form-steps-divider-width);background-color:#babfc5}.e-form__indicators--type-icon,.e-form__indicators--type-icon_text,.e-form__indicators--type-number,.e-form__indicators--type-number_text{align-items:flex-start}.e-form__indicators--type-icon .e-form__indicators__indicator__separator,.e-form__indicators--type-icon_text .e-form__indicators__indicator__separator,.e-form__indicators--type-number .e-form__indicators__indicator__separator,.e-form__indicators--type-number_text .e-form__indicators__indicator__separator{margin-top:calc(var(--e-form-steps-indicator-padding, 30px) \/ 2 - var(--e-form-steps-divider-width, 1px) \/ 2)}.elementor-field-type-hidden{display:none}.elementor-field-type-html{display:inline-block}.elementor-field-type-tel input{direction:inherit}.elementor-login .elementor-lost-password,.elementor-login .elementor-remember-me{font-size:.85em}.elementor-field-type-recaptcha_v3 .elementor-field-label{display:none}.elementor-field-type-recaptcha_v3 .grecaptcha-badge{z-index:1}.elementor-button .elementor-form-spinner{order:3}.elementor-form .elementor-button .elementor-button-content-wrapper{align-items:center}.elementor-form .elementor-button .elementor-button-text{white-space:normal}.elementor-form .elementor-button svg{height:auto}.elementor-form .elementor-button .e-font-icon-svg{height:1em}.elementor-form .elementor-button .elementor-button-content-wrapper{gap:5px}.elementor-form .elementor-button .elementor-button-icon,.elementor-form .elementor-button .elementor-button-text{flex-grow:unset;order:unset}.elementor-select-wrapper .select-caret-down-wrapper{position:absolute;top:50%;transform:translateY(-50%);inset-inline-end:10px;pointer-events:none;font-size:11px}.elementor-select-wrapper .select-caret-down-wrapper svg{display:unset;width:1em;aspect-ratio:unset;fill:currentColor}.elementor-select-wrapper .select-caret-down-wrapper i{font-size:19px;line-height:2}.elementor-select-wrapper.remove-before:before{content:\"\"!important}<\/style>\t\t<form class=\"elementor-form\" method=\"post\" name=\"New Form\">\n\t\t\t<input type=\"hidden\" name=\"post_id\" value=\"2971\"\/>\n\t\t\t<input type=\"hidden\" name=\"form_id\" value=\"5aa9a32e\"\/>\n\t\t\t<input type=\"hidden\" name=\"referer_title\" value=\"CovHuesca\" \/>\n\n\t\t\t\n\t\t\t<div class=\"elementor-form-fields-wrapper elementor-labels-\">\n\t\t\t\t\t\t\t\t<div class=\"elementor-field-type-text elementor-field-group elementor-column elementor-field-group-name elementor-col-100\">\n\t\t\t\t\t\t\t\t\t\t\t\t<label for=\"form-field-name\" class=\"elementor-field-label elementor-screen-only\">\n\t\t\t\t\t\t\t\tNombre\t\t\t\t\t\t\t<\/label>\n\t\t\t\t\t\t\t\t\t\t\t\t\t\t<input size=\"1\" type=\"text\" name=\"form_fields[name]\" id=\"form-field-name\" class=\"elementor-field elementor-size-sm  elementor-field-textual\" placeholder=\"Nombre\">\n\t\t\t\t\t\t\t\t\t\t\t<\/div>\n\t\t\t\t\t\t\t\t<div class=\"elementor-field-type-tel elementor-field-group elementor-column elementor-field-group-email elementor-col-100 elementor-field-required\">\n\t\t\t\t\t\t\t\t\t\t\t\t<label for=\"form-field-email\" class=\"elementor-field-label elementor-screen-only\">\n\t\t\t\t\t\t\t\tTel\u00e9fono\t\t\t\t\t\t\t<\/label>\n\t\t\t\t\t\t\t\t<input size=\"1\" type=\"tel\" name=\"form_fields[email]\" id=\"form-field-email\" class=\"elementor-field elementor-size-sm  elementor-field-textual\" placeholder=\"Tel\u00e9fono\" required=\"required\" aria-required=\"true\" pattern=\"[0-9()#&amp;+*-=.]+\" title=\"Solo se aceptan n\u00fameros y caracteres de tel\u00e9fono (#,-,*,etc).\">\n\n\t\t\t\t\t\t<\/div>\n\t\t\t\t\t\t\t\t<div class=\"elementor-field-type-email elementor-field-group elementor-column elementor-field-group-field_1 elementor-col-100 elementor-field-required\">\n\t\t\t\t\t\t\t\t\t\t\t\t<label for=\"form-field-field_1\" class=\"elementor-field-label elementor-screen-only\">\n\t\t\t\t\t\t\t\tEmail\t\t\t\t\t\t\t<\/label>\n\t\t\t\t\t\t\t\t\t\t\t\t\t\t<input size=\"1\" type=\"email\" name=\"form_fields[field_1]\" id=\"form-field-field_1\" class=\"elementor-field elementor-size-sm  elementor-field-textual\" placeholder=\"Email\" required=\"required\" aria-required=\"true\">\n\t\t\t\t\t\t\t\t\t\t\t<\/div>\n\t\t\t\t\t\t\t\t<div class=\"elementor-field-type-text elementor-field-group elementor-column elementor-field-group-field_92023d3 elementor-col-100\">\n\t\t\t\t\t\t\t\t\t\t\t\t<label for=\"form-field-field_92023d3\" class=\"elementor-field-label elementor-screen-only\">\n\t\t\t\t\t\t\t\tTexto\t\t\t\t\t\t\t<\/label>\n\t\t\t\t\t\t\t\t\t\t\t\t\t\t<input size=\"1\" type=\"text\" name=\"form_fields[field_92023d3]\" id=\"form-field-field_92023d3\" class=\"elementor-field elementor-size-sm  elementor-field-textual\" placeholder=\"Texto\">\n\t\t\t\t\t\t\t\t\t\t\t<\/div>\n\t\t\t\t\t\t\t\t<div class=\"elementor-field-group elementor-column elementor-field-type-submit elementor-col-100 e-form__buttons\">\n\t\t\t\t\t<button class=\"elementor-button elementor-size-sm\" type=\"submit\">\n\t\t\t\t\t\t<span class=\"elementor-button-content-wrapper\">\n\t\t\t\t\t\t\t\t\t\t\t\t\t\t\t<span class=\"elementor-button-icon\">\n\t\t\t\t\t\t\t\t\t<svg aria-hidden=\"true\" class=\"e-font-icon-svg e-fas-long-arrow-alt-right\" viewBox=\"0 0 448 512\" xmlns=\"http:\/\/www.w3.org\/2000\/svg\"><path d=\"M313.941 216H12c-6.627 0-12 5.373-12 12v56c0 6.627 5.373 12 12 12h301.941v46.059c0 21.382 25.851 32.09 40.971 16.971l86.059-86.059c9.373-9.373 9.373-24.569 0-33.941l-86.059-86.059c-15.119-15.119-40.971-4.411-40.971 16.971V216z\"><\/path><\/svg>\t\t\t\t\t\t\t\t\t\t\t\t\t\t\t\t\t<\/span>\n\t\t\t\t\t\t\t\t\t\t\t\t\t\t\t\t\t\t\t\t\t\t<span class=\"elementor-button-text\">Enviar<\/span>\n\t\t\t\t\t\t\t\t\t\t\t\t\t<\/span>\n\t\t\t\t\t<\/button>\n\t\t\t\t<\/div>\n\t\t\t<\/div>\n\t\t<\/form>\n\t\t\t\t<\/div>\n\t\t\t\t<\/div>\n\t\t\t\t<\/div>\n\t\t\t\t<\/div>\n\t\t\t\t\t<\/div>\n\t\t\t\t<\/div>\n\t\t<div class=\"elementor-element elementor-element-3b46838 e-flex e-con-boxed e-con e-parent\" data-id=\"3b46838\" data-element_type=\"container\">\n\t\t\t\t\t<div class=\"e-con-inner\">\n\t\t\t\t<div class=\"elementor-element elementor-element-21fdea elementor-post-navigation-borders-yes elementor-widget elementor-widget-post-navigation\" data-id=\"21fdea\" data-element_type=\"widget\" data-widget_type=\"post-navigation.default\">\n\t\t\t\t<div class=\"elementor-widget-container\">\n\t\t\t\t\t<div class=\"elementor-post-navigation\">\n\t\t\t<div class=\"elementor-post-navigation__prev elementor-post-navigation__link\">\n\t\t\t\t<a href=\"https:\/\/covhuesca.org\/index.php\/2025\/10\/24\/la-guardia-civil-reconoce-a-los-veterinarios-de-huesca-en-los-actos-del-dia-de-su-patrona-la-virgen-del-pilar\/\" rel=\"prev\"><span class=\"post-navigation__arrow-wrapper post-navigation__arrow-prev\"><i class=\"fa fa-angle-double-left\" aria-hidden=\"true\"><\/i><span class=\"elementor-screen-only\">Ant<\/span><\/span><span class=\"elementor-post-navigation__link__prev\"><span class=\"post-navigation__prev--label\">Anterior<\/span><span class=\"post-navigation__prev--title\">La Guardia Civil reconoce a los veterinarios de Huesca en los actos del d\u00eda de su patrona, la Virgen del Pilar<\/span><\/span><\/a>\t\t\t<\/div>\n\t\t\t\t\t\t\t<div class=\"elementor-post-navigation__separator-wrapper\">\n\t\t\t\t\t<div class=\"elementor-post-navigation__separator\"><\/div>\n\t\t\t\t<\/div>\n\t\t\t\t\t\t<div class=\"elementor-post-navigation__next elementor-post-navigation__link\">\n\t\t\t\t<a href=\"https:\/\/covhuesca.org\/index.php\/2025\/11\/04\/jornada-ovino-scrum\/\" rel=\"next\"><span class=\"elementor-post-navigation__link__next\"><span class=\"post-navigation__next--label\">Siguiente<\/span><span class=\"post-navigation__next--title\">JORNADA OVINO SCRUM<\/span><\/span><span class=\"post-navigation__arrow-wrapper post-navigation__arrow-next\"><i class=\"fa fa-angle-double-right\" aria-hidden=\"true\"><\/i><span class=\"elementor-screen-only\">Siguiente<\/span><\/span><\/a>\t\t\t<\/div>\n\t\t<\/div>\n\t\t\t\t<\/div>\n\t\t\t\t<\/div>\n\t\t\t\t\t<\/div>\n\t\t\t\t<\/div>\n\t\t\t\t<\/div>\n\t\t","protected":false},"excerpt":{"rendered":"<p>La Guardia Civil homenajea a los sanitarios el d\u00eda del Pilar<\/p>\n","protected":false},"author":3,"featured_media":2969,"comment_status":"closed","ping_status":"open","sticky":false,"template":"","format":"standard","meta":{"footnotes":""},"categories":[13,27,1],"tags":[],"class_list":["post-2971","post","type-post","status-publish","format-standard","has-post-thumbnail","hentry","category-actualidad","category-informacion-colegial","category-uncategorized"],"yoast_head":"<!-- This site is optimized with the Yoast SEO plugin v23.0 - https:\/\/yoast.com\/wordpress\/plugins\/seo\/ -->\n<title>La Guardia Civil reconoce a los veterinarios de Huesca en los actos del d\u00eda de su patrona, la Virgen del Pilar - CovHuesca<\/title>\n<meta name=\"description\" content=\"Informaci\u00f3n, servicios y recursos del Colegio Oficial de Veterinarios de Huesca. Apoyo profesional, formaci\u00f3n y defensa del sector veterinario.\" \/>\n<meta name=\"robots\" content=\"index, follow, max-snippet:-1, max-image-preview:large, max-video-preview:-1\" \/>\n<link rel=\"canonical\" href=\"https:\/\/covhuesca.org\/index.php\/2025\/10\/24\/la-guardia-civil-reconoce-a-los-veterinarios-de-huesca-en-los-actos-del-dia-de-su-patrona-la-virgen-del-pilar\/\" \/>\n<meta property=\"og:locale\" content=\"es_ES\" \/>\n<meta property=\"og:type\" content=\"article\" \/>\n<meta property=\"og:title\" content=\"La Guardia Civil reconoce a los veterinarios de Huesca en los actos del d\u00eda de su patrona, la Virgen del Pilar - CovHuesca\" \/>\n<meta property=\"og:description\" content=\"Informaci\u00f3n, servicios y recursos del Colegio Oficial de Veterinarios de Huesca. Apoyo profesional, formaci\u00f3n y defensa del sector veterinario.\" \/>\n<meta property=\"og:url\" content=\"https:\/\/covhuesca.org\/index.php\/2025\/10\/24\/la-guardia-civil-reconoce-a-los-veterinarios-de-huesca-en-los-actos-del-dia-de-su-patrona-la-virgen-del-pilar\/\" \/>\n<meta property=\"og:site_name\" content=\"CovHuesca\" \/>\n<meta property=\"article:published_time\" content=\"2025-10-24T16:06:47+00:00\" \/>\n<meta property=\"article:modified_time\" content=\"2025-10-24T16:12:49+00:00\" \/>\n<meta property=\"og:image\" content=\"https:\/\/covhuesca.org\/wp-content\/uploads\/2025\/10\/GUARDIA-CIVIL.jpg\" \/>\n\t<meta property=\"og:image:width\" content=\"1537\" \/>\n\t<meta property=\"og:image:height\" content=\"2048\" \/>\n\t<meta property=\"og:image:type\" content=\"image\/jpeg\" \/>\n<meta name=\"author\" content=\"Tono2024\" \/>\n<meta name=\"twitter:card\" content=\"summary_large_image\" \/>\n<meta name=\"twitter:label1\" content=\"Escrito por\" \/>\n\t<meta name=\"twitter:data1\" content=\"Tono2024\" \/>\n\t<meta name=\"twitter:label2\" content=\"Tiempo de lectura\" \/>\n\t<meta name=\"twitter:data2\" content=\"2 minutos\" \/>\n<script type=\"application\/ld+json\" class=\"yoast-schema-graph\">{\"@context\":\"https:\/\/schema.org\",\"@graph\":[{\"@type\":\"WebPage\",\"@id\":\"https:\/\/covhuesca.org\/index.php\/2025\/10\/24\/la-guardia-civil-reconoce-a-los-veterinarios-de-huesca-en-los-actos-del-dia-de-su-patrona-la-virgen-del-pilar\/\",\"url\":\"https:\/\/covhuesca.org\/index.php\/2025\/10\/24\/la-guardia-civil-reconoce-a-los-veterinarios-de-huesca-en-los-actos-del-dia-de-su-patrona-la-virgen-del-pilar\/\",\"name\":\"La Guardia Civil reconoce a los veterinarios de Huesca en los actos del d\u00eda de su patrona, la Virgen del Pilar - CovHuesca\",\"isPartOf\":{\"@id\":\"https:\/\/covhuesca.org\/#website\"},\"primaryImageOfPage\":{\"@id\":\"https:\/\/covhuesca.org\/index.php\/2025\/10\/24\/la-guardia-civil-reconoce-a-los-veterinarios-de-huesca-en-los-actos-del-dia-de-su-patrona-la-virgen-del-pilar\/#primaryimage\"},\"image\":{\"@id\":\"https:\/\/covhuesca.org\/index.php\/2025\/10\/24\/la-guardia-civil-reconoce-a-los-veterinarios-de-huesca-en-los-actos-del-dia-de-su-patrona-la-virgen-del-pilar\/#primaryimage\"},\"thumbnailUrl\":\"https:\/\/covhuesca.org\/wp-content\/uploads\/2025\/10\/GUARDIA-CIVIL.jpg\",\"datePublished\":\"2025-10-24T16:06:47+00:00\",\"dateModified\":\"2025-10-24T16:12:49+00:00\",\"author\":{\"@id\":\"https:\/\/covhuesca.org\/#\/schema\/person\/476006a96e7f9773c40b6ac09dde2424\"},\"description\":\"Informaci\u00f3n, servicios y recursos del Colegio Oficial de Veterinarios de Huesca. Apoyo profesional, formaci\u00f3n y defensa del sector veterinario.\",\"breadcrumb\":{\"@id\":\"https:\/\/covhuesca.org\/index.php\/2025\/10\/24\/la-guardia-civil-reconoce-a-los-veterinarios-de-huesca-en-los-actos-del-dia-de-su-patrona-la-virgen-del-pilar\/#breadcrumb\"},\"inLanguage\":\"es\",\"potentialAction\":[{\"@type\":\"ReadAction\",\"target\":[\"https:\/\/covhuesca.org\/index.php\/2025\/10\/24\/la-guardia-civil-reconoce-a-los-veterinarios-de-huesca-en-los-actos-del-dia-de-su-patrona-la-virgen-del-pilar\/\"]}]},{\"@type\":\"ImageObject\",\"inLanguage\":\"es\",\"@id\":\"https:\/\/covhuesca.org\/index.php\/2025\/10\/24\/la-guardia-civil-reconoce-a-los-veterinarios-de-huesca-en-los-actos-del-dia-de-su-patrona-la-virgen-del-pilar\/#primaryimage\",\"url\":\"https:\/\/covhuesca.org\/wp-content\/uploads\/2025\/10\/GUARDIA-CIVIL.jpg\",\"contentUrl\":\"https:\/\/covhuesca.org\/wp-content\/uploads\/2025\/10\/GUARDIA-CIVIL.jpg\",\"width\":1537,\"height\":2048,\"caption\":\"DIA DEL PILAR\"},{\"@type\":\"BreadcrumbList\",\"@id\":\"https:\/\/covhuesca.org\/index.php\/2025\/10\/24\/la-guardia-civil-reconoce-a-los-veterinarios-de-huesca-en-los-actos-del-dia-de-su-patrona-la-virgen-del-pilar\/#breadcrumb\",\"itemListElement\":[{\"@type\":\"ListItem\",\"position\":1,\"name\":\"Portada\",\"item\":\"https:\/\/covhuesca.org\/\"},{\"@type\":\"ListItem\",\"position\":2,\"name\":\"La Guardia Civil reconoce a los veterinarios de Huesca en los actos del d\u00eda de su patrona, la Virgen del Pilar\"}]},{\"@type\":\"WebSite\",\"@id\":\"https:\/\/covhuesca.org\/#website\",\"url\":\"https:\/\/covhuesca.org\/\",\"name\":\"Colegio Oficial de Veterinarios de Huesca\",\"description\":\"Informaci\u00f3n, servicios y recursos del Colegio Oficial de Veterinarios de Huesca. Apoyo profesional, formaci\u00f3n y defensa del sector veterinario.\",\"alternateName\":\"Colegio Oficial de Veterinarios de Huesca\",\"potentialAction\":[{\"@type\":\"SearchAction\",\"target\":{\"@type\":\"EntryPoint\",\"urlTemplate\":\"https:\/\/covhuesca.org\/?s={search_term_string}\"},\"query-input\":\"required name=search_term_string\"}],\"inLanguage\":\"es\"},{\"@type\":\"Person\",\"@id\":\"https:\/\/covhuesca.org\/#\/schema\/person\/476006a96e7f9773c40b6ac09dde2424\",\"name\":\"Tono2024\",\"image\":{\"@type\":\"ImageObject\",\"inLanguage\":\"es\",\"@id\":\"https:\/\/covhuesca.org\/#\/schema\/person\/image\/\",\"url\":\"https:\/\/secure.gravatar.com\/avatar\/664c1fed0fc82c340929def2d5fcca13?s=96&d=mm&r=g\",\"contentUrl\":\"https:\/\/secure.gravatar.com\/avatar\/664c1fed0fc82c340929def2d5fcca13?s=96&d=mm&r=g\",\"caption\":\"Tono2024\"},\"url\":\"https:\/\/covhuesca.org\/index.php\/author\/tono2024\/\"}]}<\/script>\n<!-- \/ Yoast SEO plugin. -->","yoast_head_json":{"title":"La Guardia Civil reconoce a los veterinarios de Huesca en los actos del d\u00eda de su patrona, la Virgen del Pilar - CovHuesca","description":"Informaci\u00f3n, servicios y recursos del Colegio Oficial de Veterinarios de Huesca. Apoyo profesional, formaci\u00f3n y defensa del sector veterinario.","robots":{"index":"index","follow":"follow","max-snippet":"max-snippet:-1","max-image-preview":"max-image-preview:large","max-video-preview":"max-video-preview:-1"},"canonical":"https:\/\/covhuesca.org\/index.php\/2025\/10\/24\/la-guardia-civil-reconoce-a-los-veterinarios-de-huesca-en-los-actos-del-dia-de-su-patrona-la-virgen-del-pilar\/","og_locale":"es_ES","og_type":"article","og_title":"La Guardia Civil reconoce a los veterinarios de Huesca en los actos del d\u00eda de su patrona, la Virgen del Pilar - CovHuesca","og_description":"Informaci\u00f3n, servicios y recursos del Colegio Oficial de Veterinarios de Huesca. Apoyo profesional, formaci\u00f3n y defensa del sector veterinario.","og_url":"https:\/\/covhuesca.org\/index.php\/2025\/10\/24\/la-guardia-civil-reconoce-a-los-veterinarios-de-huesca-en-los-actos-del-dia-de-su-patrona-la-virgen-del-pilar\/","og_site_name":"CovHuesca","article_published_time":"2025-10-24T16:06:47+00:00","article_modified_time":"2025-10-24T16:12:49+00:00","og_image":[{"width":1537,"height":2048,"url":"https:\/\/covhuesca.org\/wp-content\/uploads\/2025\/10\/GUARDIA-CIVIL.jpg","type":"image\/jpeg"}],"author":"Tono2024","twitter_card":"summary_large_image","twitter_misc":{"Escrito por":"Tono2024","Tiempo de lectura":"2 minutos"},"schema":{"@context":"https:\/\/schema.org","@graph":[{"@type":"WebPage","@id":"https:\/\/covhuesca.org\/index.php\/2025\/10\/24\/la-guardia-civil-reconoce-a-los-veterinarios-de-huesca-en-los-actos-del-dia-de-su-patrona-la-virgen-del-pilar\/","url":"https:\/\/covhuesca.org\/index.php\/2025\/10\/24\/la-guardia-civil-reconoce-a-los-veterinarios-de-huesca-en-los-actos-del-dia-de-su-patrona-la-virgen-del-pilar\/","name":"La Guardia Civil reconoce a los veterinarios de Huesca en los actos del d\u00eda de su patrona, la Virgen del Pilar - CovHuesca","isPartOf":{"@id":"https:\/\/covhuesca.org\/#website"},"primaryImageOfPage":{"@id":"https:\/\/covhuesca.org\/index.php\/2025\/10\/24\/la-guardia-civil-reconoce-a-los-veterinarios-de-huesca-en-los-actos-del-dia-de-su-patrona-la-virgen-del-pilar\/#primaryimage"},"image":{"@id":"https:\/\/covhuesca.org\/index.php\/2025\/10\/24\/la-guardia-civil-reconoce-a-los-veterinarios-de-huesca-en-los-actos-del-dia-de-su-patrona-la-virgen-del-pilar\/#primaryimage"},"thumbnailUrl":"https:\/\/covhuesca.org\/wp-content\/uploads\/2025\/10\/GUARDIA-CIVIL.jpg","datePublished":"2025-10-24T16:06:47+00:00","dateModified":"2025-10-24T16:12:49+00:00","author":{"@id":"https:\/\/covhuesca.org\/#\/schema\/person\/476006a96e7f9773c40b6ac09dde2424"},"description":"Informaci\u00f3n, servicios y recursos del Colegio Oficial de Veterinarios de Huesca. Apoyo profesional, formaci\u00f3n y defensa del sector veterinario.","breadcrumb":{"@id":"https:\/\/covhuesca.org\/index.php\/2025\/10\/24\/la-guardia-civil-reconoce-a-los-veterinarios-de-huesca-en-los-actos-del-dia-de-su-patrona-la-virgen-del-pilar\/#breadcrumb"},"inLanguage":"es","potentialAction":[{"@type":"ReadAction","target":["https:\/\/covhuesca.org\/index.php\/2025\/10\/24\/la-guardia-civil-reconoce-a-los-veterinarios-de-huesca-en-los-actos-del-dia-de-su-patrona-la-virgen-del-pilar\/"]}]},{"@type":"ImageObject","inLanguage":"es","@id":"https:\/\/covhuesca.org\/index.php\/2025\/10\/24\/la-guardia-civil-reconoce-a-los-veterinarios-de-huesca-en-los-actos-del-dia-de-su-patrona-la-virgen-del-pilar\/#primaryimage","url":"https:\/\/covhuesca.org\/wp-content\/uploads\/2025\/10\/GUARDIA-CIVIL.jpg","contentUrl":"https:\/\/covhuesca.org\/wp-content\/uploads\/2025\/10\/GUARDIA-CIVIL.jpg","width":1537,"height":2048,"caption":"DIA DEL PILAR"},{"@type":"BreadcrumbList","@id":"https:\/\/covhuesca.org\/index.php\/2025\/10\/24\/la-guardia-civil-reconoce-a-los-veterinarios-de-huesca-en-los-actos-del-dia-de-su-patrona-la-virgen-del-pilar\/#breadcrumb","itemListElement":[{"@type":"ListItem","position":1,"name":"Portada","item":"https:\/\/covhuesca.org\/"},{"@type":"ListItem","position":2,"name":"La Guardia Civil reconoce a los veterinarios de Huesca en los actos del d\u00eda de su patrona, la Virgen del Pilar"}]},{"@type":"WebSite","@id":"https:\/\/covhuesca.org\/#website","url":"https:\/\/covhuesca.org\/","name":"Colegio Oficial de Veterinarios de Huesca","description":"Informaci\u00f3n, servicios y recursos del Colegio Oficial de Veterinarios de Huesca. Apoyo profesional, formaci\u00f3n y defensa del sector veterinario.","alternateName":"Colegio Oficial de Veterinarios de Huesca","potentialAction":[{"@type":"SearchAction","target":{"@type":"EntryPoint","urlTemplate":"https:\/\/covhuesca.org\/?s={search_term_string}"},"query-input":"required name=search_term_string"}],"inLanguage":"es"},{"@type":"Person","@id":"https:\/\/covhuesca.org\/#\/schema\/person\/476006a96e7f9773c40b6ac09dde2424","name":"Tono2024","image":{"@type":"ImageObject","inLanguage":"es","@id":"https:\/\/covhuesca.org\/#\/schema\/person\/image\/","url":"https:\/\/secure.gravatar.com\/avatar\/664c1fed0fc82c340929def2d5fcca13?s=96&d=mm&r=g","contentUrl":"https:\/\/secure.gravatar.com\/avatar\/664c1fed0fc82c340929def2d5fcca13?s=96&d=mm&r=g","caption":"Tono2024"},"url":"https:\/\/covhuesca.org\/index.php\/author\/tono2024\/"}]}},"_links":{"self":[{"href":"https:\/\/covhuesca.org\/index.php\/wp-json\/wp\/v2\/posts\/2971","targetHints":{"allow":["GET"]}}],"collection":[{"href":"https:\/\/covhuesca.org\/index.php\/wp-json\/wp\/v2\/posts"}],"about":[{"href":"https:\/\/covhuesca.org\/index.php\/wp-json\/wp\/v2\/types\/post"}],"author":[{"embeddable":true,"href":"https:\/\/covhuesca.org\/index.php\/wp-json\/wp\/v2\/users\/3"}],"replies":[{"embeddable":true,"href":"https:\/\/covhuesca.org\/index.php\/wp-json\/wp\/v2\/comments?post=2971"}],"version-history":[{"count":6,"href":"https:\/\/covhuesca.org\/index.php\/wp-json\/wp\/v2\/posts\/2971\/revisions"}],"predecessor-version":[{"id":2977,"href":"https:\/\/covhuesca.org\/index.php\/wp-json\/wp\/v2\/posts\/2971\/revisions\/2977"}],"wp:featuredmedia":[{"embeddable":true,"href":"https:\/\/covhuesca.org\/index.php\/wp-json\/wp\/v2\/media\/2969"}],"wp:attachment":[{"href":"https:\/\/covhuesca.org\/index.php\/wp-json\/wp\/v2\/media?parent=2971"}],"wp:term":[{"taxonomy":"category","embeddable":true,"href":"https:\/\/covhuesca.org\/index.php\/wp-json\/wp\/v2\/categories?post=2971"},{"taxonomy":"post_tag","embeddable":true,"href":"https:\/\/covhuesca.org\/index.php\/wp-json\/wp\/v2\/tags?post=2971"}],"curies":[{"name":"wp","href":"https:\/\/api.w.org\/{rel}","templated":true}]}}